{"id":10073,"date":"2023-05-02T21:14:37","date_gmt":"2023-05-03T04:14:37","guid":{"rendered":"https:\/\/sheriff.venturacounty.gov\/?p=10073"},"modified":"2023-05-02T21:14:37","modified_gmt":"2023-05-03T04:14:37","slug":"ventura-county-suspect-arrested-for-graffiti-vandalism-crime","status":"publish","type":"post","link":"https:\/\/sheriff.venturacounty.gov\/es\/ventura-county-suspect-arrested-for-graffiti-vandalism-crime\/","title":{"rendered":"Condado de Ventura \u2013 Arrestan a sospechoso de vandalismo con grafiti"},"content":{"rendered":"<p>El 2 de mayo de 2023, los agentes arrestaron a Frankie <span class=\"scayt-misspell-word\" data-scayt-word=\"Cantero\" data-wsc-lang=\"en_US\" data-wsc-id=\"li1x6atisyjhvhd4n\">Cantero<\/span> de Fillmore por su participaci\u00f3n en numerosos delitos de vandalismo con grafitis. Durante los \u00faltimos meses, los agentes asignados a la comisar\u00eda de polic\u00eda de Santa Clara Valley han visto varios grafitis pintados con aerosol a lo largo de Old Telegraph Road. Los grafitis consist\u00edan en grandes grafitis con aerosol en se\u00f1ales de tr\u00e1fico, vagones de tren, vallas y barreras viales. <span class=\"scayt-misspell-word\" data-scayt-word=\"vandalisms\" data-wsc-lang=\"en_US\" data-wsc-id=\"li1x6awjffw8zusgo\">vandalismo<\/span> Muchos ciudadanos preocupados que viven en la zona informaron sobre estos incidentes. Haga clic en el enlace para obtener m\u00e1s detalles: https:\/\/local.nixle.com\/alert\/10068577<\/p>","protected":false},"excerpt":{"rendered":"<p>On May 2, 2023, deputies arrested Frankie Cantero from Fillmore for his involvement in numerous graffiti vandalism crimes.\u00a0 Over the past several months, deputies assigned to the Santa Clara Valley [&hellip;]<\/p>\n","protected":false},"author":7,"featured_media":0,"comment_status":"closed","ping_status":"closed","sticky":false,"template":"","format":"standard","meta":{"footnotes":""},"categories":[49],"tags":[],"class_list":["post-10073","post","type-post","status-publish","format-standard","hentry","category-press"],"_links":{"self":[{"href":"https:\/\/sheriff.venturacounty.gov\/es\/wp-json\/wp\/v2\/posts\/10073","targetHints":{"allow":["GET"]}}],"collection":[{"href":"https:\/\/sheriff.venturacounty.gov\/es\/wp-json\/wp\/v2\/posts"}],"about":[{"href":"https:\/\/sheriff.venturacounty.gov\/es\/wp-json\/wp\/v2\/types\/post"}],"author":[{"embeddable":true,"href":"https:\/\/sheriff.venturacounty.gov\/es\/wp-json\/wp\/v2\/users\/7"}],"replies":[{"embeddable":true,"href":"https:\/\/sheriff.venturacounty.gov\/es\/wp-json\/wp\/v2\/comments?post=10073"}],"version-history":[{"count":0,"href":"https:\/\/sheriff.venturacounty.gov\/es\/wp-json\/wp\/v2\/posts\/10073\/revisions"}],"wp:attachment":[{"href":"https:\/\/sheriff.venturacounty.gov\/es\/wp-json\/wp\/v2\/media?parent=10073"}],"wp:term":[{"taxonomy":"category","embeddable":true,"href":"https:\/\/sheriff.venturacounty.gov\/es\/wp-json\/wp\/v2\/categories?post=10073"},{"taxonomy":"post_tag","embeddable":true,"href":"https:\/\/sheriff.venturacounty.gov\/es\/wp-json\/wp\/v2\/tags?post=10073"}],"curies":[{"name":"gracias","href":"https:\/\/api.w.org\/{rel}","templated":true}]}}