{"id":10187,"date":"2023-06-13T12:45:43","date_gmt":"2023-06-13T19:45:43","guid":{"rendered":"https:\/\/sheriff.venturacounty.gov\/?p=10187"},"modified":"2023-06-13T12:45:43","modified_gmt":"2023-06-13T19:45:43","slug":"ojai-coffee-with-the-badges","status":"publish","type":"post","link":"https:\/\/sheriff.venturacounty.gov\/es\/ojai-coffee-with-the-badges\/","title":{"rendered":"Ojai \u2013 Caf\u00e9 con insignias"},"content":{"rendered":"<p>La Oficina del Sheriff del Condado de Ventura se enorgullece de asociarse con el Departamento de Bomberos del Condado de Ventura y la Patrulla de Carreteras de California para anunciar un evento \u00fanico, \u201cCaf\u00e9 con las insignias\u201d, en apoyo a la Iniciativa de Concientizaci\u00f3n sobre la Salud Mental de los Primeros Respondedores. El Caf\u00e9 con las insignias re\u00fane a la polic\u00eda, los departamentos de bomberos y los miembros de la comunidad, mientras toman un caf\u00e9, para promover la conciencia sobre los problemas de salud mental que afectan a 1 de cada 5 adultos en los EE. UU.<\/p>\n<p>Para m\u00e1s detalles, visite https:\/\/local.nixle.com\/alert\/10140905\/<\/p>","protected":false},"excerpt":{"rendered":"<p>The Ventura County Sheriff\u2019s Office is proud to partner with the Ventura County Fire Department and the California Highway patrol to announce a unique \u201cCoffee with the Badges\u201d event in [&hellip;]<\/p>\n","protected":false},"author":12,"featured_media":0,"comment_status":"closed","ping_status":"closed","sticky":false,"template":"","format":"standard","meta":{"footnotes":""},"categories":[49],"tags":[],"class_list":["post-10187","post","type-post","status-publish","format-standard","hentry","category-press"],"_links":{"self":[{"href":"https:\/\/sheriff.venturacounty.gov\/es\/wp-json\/wp\/v2\/posts\/10187","targetHints":{"allow":["GET"]}}],"collection":[{"href":"https:\/\/sheriff.venturacounty.gov\/es\/wp-json\/wp\/v2\/posts"}],"about":[{"href":"https:\/\/sheriff.venturacounty.gov\/es\/wp-json\/wp\/v2\/types\/post"}],"author":[{"embeddable":true,"href":"https:\/\/sheriff.venturacounty.gov\/es\/wp-json\/wp\/v2\/users\/12"}],"replies":[{"embeddable":true,"href":"https:\/\/sheriff.venturacounty.gov\/es\/wp-json\/wp\/v2\/comments?post=10187"}],"version-history":[{"count":0,"href":"https:\/\/sheriff.venturacounty.gov\/es\/wp-json\/wp\/v2\/posts\/10187\/revisions"}],"wp:attachment":[{"href":"https:\/\/sheriff.venturacounty.gov\/es\/wp-json\/wp\/v2\/media?parent=10187"}],"wp:term":[{"taxonomy":"category","embeddable":true,"href":"https:\/\/sheriff.venturacounty.gov\/es\/wp-json\/wp\/v2\/categories?post=10187"},{"taxonomy":"post_tag","embeddable":true,"href":"https:\/\/sheriff.venturacounty.gov\/es\/wp-json\/wp\/v2\/tags?post=10187"}],"curies":[{"name":"gracias","href":"https:\/\/api.w.org\/{rel}","templated":true}]}}