{"id":13136,"date":"2024-12-03T16:04:06","date_gmt":"2024-12-04T00:04:06","guid":{"rendered":"https:\/\/sheriff.venturacounty.gov\/?p=13136"},"modified":"2024-12-09T15:25:33","modified_gmt":"2024-12-09T23:25:33","slug":"camarillo-black-friday-operation-at-camarillo-premium-outlets-nets-multiple-arrests","status":"publish","type":"post","link":"https:\/\/sheriff.venturacounty.gov\/es\/camarillo-black-friday-operation-at-camarillo-premium-outlets-nets-multiple-arrests\/","title":{"rendered":"Camarillo \u2013 Operaci\u00f3n de Viernes Negro en Camarillo Premium Outlets deja m\u00faltiples arrestos"},"content":{"rendered":"<p>Es la temporada de compras navide\u00f1as y, por desgracia, de robos navide\u00f1os. Durante el fin de semana, el Grupo de Trabajo contra el Robo Organizado en Tiendas Minoristas del Condado de Ventura, en colaboraci\u00f3n con varias agencias aliadas, llev\u00f3 a cabo una operaci\u00f3n rel\u00e1mpago de \u201cViernes Negro\u201d en los Camarillo Premium Outlets. La operaci\u00f3n condujo al arresto de 20 adultos y tres menores. Las autoridades recuperaron aproximadamente $9,000 en mercanc\u00eda robada, junto con metanfetamina y herramientas de robo utilizadas en los robos.<\/p>\n<p>Para obtener m\u00e1s detalles, visite https:\/\/local.nixle.com\/alert\/11312339\/<\/p>","protected":false},"excerpt":{"rendered":"<p>&#8216;Tis the season for holiday shopping\u2014and unfortunately, holiday theft. Over the weekend, the Ventura County Organized Retail Theft Task Force, in collaboration with multiple allied agencies, conducted a &#8220;Black Friday&#8221; [&hellip;]<\/p>\n","protected":false},"author":32,"featured_media":0,"comment_status":"closed","ping_status":"closed","sticky":false,"template":"","format":"standard","meta":{"footnotes":""},"categories":[49],"tags":[],"class_list":["post-13136","post","type-post","status-publish","format-standard","hentry","category-press"],"_links":{"self":[{"href":"https:\/\/sheriff.venturacounty.gov\/es\/wp-json\/wp\/v2\/posts\/13136","targetHints":{"allow":["GET"]}}],"collection":[{"href":"https:\/\/sheriff.venturacounty.gov\/es\/wp-json\/wp\/v2\/posts"}],"about":[{"href":"https:\/\/sheriff.venturacounty.gov\/es\/wp-json\/wp\/v2\/types\/post"}],"author":[{"embeddable":true,"href":"https:\/\/sheriff.venturacounty.gov\/es\/wp-json\/wp\/v2\/users\/32"}],"replies":[{"embeddable":true,"href":"https:\/\/sheriff.venturacounty.gov\/es\/wp-json\/wp\/v2\/comments?post=13136"}],"version-history":[{"count":0,"href":"https:\/\/sheriff.venturacounty.gov\/es\/wp-json\/wp\/v2\/posts\/13136\/revisions"}],"wp:attachment":[{"href":"https:\/\/sheriff.venturacounty.gov\/es\/wp-json\/wp\/v2\/media?parent=13136"}],"wp:term":[{"taxonomy":"category","embeddable":true,"href":"https:\/\/sheriff.venturacounty.gov\/es\/wp-json\/wp\/v2\/categories?post=13136"},{"taxonomy":"post_tag","embeddable":true,"href":"https:\/\/sheriff.venturacounty.gov\/es\/wp-json\/wp\/v2\/tags?post=13136"}],"curies":[{"name":"gracias","href":"https:\/\/api.w.org\/{rel}","templated":true}]}}