{"id":13588,"date":"2025-08-26T11:39:02","date_gmt":"2025-08-26T18:39:02","guid":{"rendered":"https:\/\/sheriff.venturacounty.gov\/?p=13588"},"modified":"2025-08-26T14:06:23","modified_gmt":"2025-08-26T21:06:23","slug":"camarillo-graffiti-hate-crime","status":"publish","type":"post","link":"https:\/\/sheriff.venturacounty.gov\/es\/camarillo-graffiti-hate-crime\/","title":{"rendered":"Camarillo \u2013 Grafiti \/ Crimen de odio"},"content":{"rendered":"<p>El 24\/08\/25, agentes de patrulla de Camarillo recibieron un reporte de vandalismo en el Parque del Centro Comunitario, posiblemente ocurrido durante la noche del 23 al 24\/08\/25. Se descubri\u00f3 que una caja de servicios p\u00fablicos cercana y una se\u00f1al de tr\u00e1fico temporal fueron vandalizadas con grafitis con insultos raciales y un s\u00edmbolo de odio. Detectives de la Oficina de Investigaciones del Departamento de Polic\u00eda de Camarillo est\u00e1n investigando activamente este incidente en colaboraci\u00f3n con la Unidad de Recursos Comunitarios (CRU) del Departamento de Polic\u00eda de Camarillo y la comunidad.<\/p>\n<p>Para obtener m\u00e1s detalles, visite https:\/\/local.nixle.com\/alert\/11829257\/<\/p>","protected":false},"excerpt":{"rendered":"<p>On 08\/24\/25, Camarillo patrol deputies received a report of vandalism at Community Center Park that may have occurred overnight between 8\/23\/25 and 8\/24\/25. It was discovered that a nearby utility [&hellip;]<\/p>\n","protected":false},"author":32,"featured_media":0,"comment_status":"closed","ping_status":"closed","sticky":false,"template":"","format":"standard","meta":{"footnotes":""},"categories":[49],"tags":[],"class_list":["post-13588","post","type-post","status-publish","format-standard","hentry","category-press"],"_links":{"self":[{"href":"https:\/\/sheriff.venturacounty.gov\/es\/wp-json\/wp\/v2\/posts\/13588","targetHints":{"allow":["GET"]}}],"collection":[{"href":"https:\/\/sheriff.venturacounty.gov\/es\/wp-json\/wp\/v2\/posts"}],"about":[{"href":"https:\/\/sheriff.venturacounty.gov\/es\/wp-json\/wp\/v2\/types\/post"}],"author":[{"embeddable":true,"href":"https:\/\/sheriff.venturacounty.gov\/es\/wp-json\/wp\/v2\/users\/32"}],"replies":[{"embeddable":true,"href":"https:\/\/sheriff.venturacounty.gov\/es\/wp-json\/wp\/v2\/comments?post=13588"}],"version-history":[{"count":0,"href":"https:\/\/sheriff.venturacounty.gov\/es\/wp-json\/wp\/v2\/posts\/13588\/revisions"}],"wp:attachment":[{"href":"https:\/\/sheriff.venturacounty.gov\/es\/wp-json\/wp\/v2\/media?parent=13588"}],"wp:term":[{"taxonomy":"category","embeddable":true,"href":"https:\/\/sheriff.venturacounty.gov\/es\/wp-json\/wp\/v2\/categories?post=13588"},{"taxonomy":"post_tag","embeddable":true,"href":"https:\/\/sheriff.venturacounty.gov\/es\/wp-json\/wp\/v2\/tags?post=13588"}],"curies":[{"name":"gracias","href":"https:\/\/api.w.org\/{rel}","templated":true}]}}