{"id":13721,"date":"2025-10-27T13:18:10","date_gmt":"2025-10-27T20:18:10","guid":{"rendered":"https:\/\/sheriff.venturacounty.gov\/?p=13721"},"modified":"2025-10-29T14:19:26","modified_gmt":"2025-10-29T21:19:26","slug":"ventura-county-tagger-arrested","status":"publish","type":"post","link":"https:\/\/sheriff.venturacounty.gov\/es\/ventura-county-tagger-arrested\/","title":{"rendered":"Condado de Ventura \u2013 Tagger arrestado"},"content":{"rendered":"<p>El 24\/10\/2025, (S) Francisco Mart\u00ednez, residente de Piru de 34 a\u00f1os, fue arrestado por su participaci\u00f3n en varios actos de vandalismo con grafitis.<\/p>\n<p>Para obtener m\u00e1s detalles, visite https:\/\/local.nixle.com\/alert\/11960163\/<\/p>","protected":false},"excerpt":{"rendered":"<p>El 24\/10\/2025, Francisco Mart\u00ednez, de 34 a\u00f1os y residente de Piru, fue arrestado por su presunta participaci\u00f3n en varios actos vand\u00e1licos con grafitis. Para m\u00e1s detalles, visite https:\/\/local.nixle.com\/alert\/11960163\/<\/p>","protected":false},"author":32,"featured_media":0,"comment_status":"closed","ping_status":"closed","sticky":false,"template":"","format":"standard","meta":{"footnotes":""},"categories":[49],"tags":[],"class_list":["post-13721","post","type-post","status-publish","format-standard","hentry","category-press"],"_links":{"self":[{"href":"https:\/\/sheriff.venturacounty.gov\/es\/wp-json\/wp\/v2\/posts\/13721","targetHints":{"allow":["GET"]}}],"collection":[{"href":"https:\/\/sheriff.venturacounty.gov\/es\/wp-json\/wp\/v2\/posts"}],"about":[{"href":"https:\/\/sheriff.venturacounty.gov\/es\/wp-json\/wp\/v2\/types\/post"}],"author":[{"embeddable":true,"href":"https:\/\/sheriff.venturacounty.gov\/es\/wp-json\/wp\/v2\/users\/32"}],"replies":[{"embeddable":true,"href":"https:\/\/sheriff.venturacounty.gov\/es\/wp-json\/wp\/v2\/comments?post=13721"}],"version-history":[{"count":0,"href":"https:\/\/sheriff.venturacounty.gov\/es\/wp-json\/wp\/v2\/posts\/13721\/revisions"}],"wp:attachment":[{"href":"https:\/\/sheriff.venturacounty.gov\/es\/wp-json\/wp\/v2\/media?parent=13721"}],"wp:term":[{"taxonomy":"category","embeddable":true,"href":"https:\/\/sheriff.venturacounty.gov\/es\/wp-json\/wp\/v2\/categories?post=13721"},{"taxonomy":"post_tag","embeddable":true,"href":"https:\/\/sheriff.venturacounty.gov\/es\/wp-json\/wp\/v2\/tags?post=13721"}],"curies":[{"name":"gracias","href":"https:\/\/api.w.org\/{rel}","templated":true}]}}