{"id":13769,"date":"2025-12-08T17:04:37","date_gmt":"2025-12-09T01:04:37","guid":{"rendered":"https:\/\/sheriff.venturacounty.gov\/?p=13769"},"modified":"2025-12-10T13:29:24","modified_gmt":"2025-12-10T21:29:24","slug":"ventura-county-operation-return-to-sender-organized-retail-theft-task-force-arrests-los-angeles-county-residents","status":"publish","type":"post","link":"https:\/\/sheriff.venturacounty.gov\/es\/ventura-county-operation-return-to-sender-organized-retail-theft-task-force-arrests-los-angeles-county-residents\/","title":{"rendered":"Condado de Ventura \u2013 Operaci\u00f3n \u201cDevoluci\u00f3n al Remitente\u201d \u2013 El Grupo de Trabajo contra el Robo Organizado en Minoristas arresta a residentes del Condado de Los \u00c1ngeles"},"content":{"rendered":"<p>Durante los meses de abril a octubre de 2025, varias ciudades del condado de Ventura experimentaron robos de carga de los veh\u00edculos de reparto de UPS.<\/p>\n<p>Durante la investigaci\u00f3n de los Detectives del Grupo de Trabajo contra el Robo Organizado en Comercios del Condado de Ventura, VCORTTF identific\u00f3 a los sospechosos como residentes de Los \u00c1ngeles. La p\u00e9rdida total estimada para UPS fue de $70,000.00 d\u00f3lares.<\/p>\n<p>Para m\u00e1s detalles, visite https:\/\/agency.nixle.com\/pub\/12049613\/<\/p>","protected":false},"excerpt":{"rendered":"<p>During the months ranging from April through October 2025 multiple Ventura County cities experienced UPS Cargo thefts from the UPS delivery vehicles. During the investigation by the Ventura County Organized [&hellip;]<\/p>\n","protected":false},"author":32,"featured_media":0,"comment_status":"closed","ping_status":"closed","sticky":false,"template":"","format":"standard","meta":{"footnotes":""},"categories":[49],"tags":[],"class_list":["post-13769","post","type-post","status-publish","format-standard","hentry","category-press"],"_links":{"self":[{"href":"https:\/\/sheriff.venturacounty.gov\/es\/wp-json\/wp\/v2\/posts\/13769","targetHints":{"allow":["GET"]}}],"collection":[{"href":"https:\/\/sheriff.venturacounty.gov\/es\/wp-json\/wp\/v2\/posts"}],"about":[{"href":"https:\/\/sheriff.venturacounty.gov\/es\/wp-json\/wp\/v2\/types\/post"}],"author":[{"embeddable":true,"href":"https:\/\/sheriff.venturacounty.gov\/es\/wp-json\/wp\/v2\/users\/32"}],"replies":[{"embeddable":true,"href":"https:\/\/sheriff.venturacounty.gov\/es\/wp-json\/wp\/v2\/comments?post=13769"}],"version-history":[{"count":0,"href":"https:\/\/sheriff.venturacounty.gov\/es\/wp-json\/wp\/v2\/posts\/13769\/revisions"}],"wp:attachment":[{"href":"https:\/\/sheriff.venturacounty.gov\/es\/wp-json\/wp\/v2\/media?parent=13769"}],"wp:term":[{"taxonomy":"category","embeddable":true,"href":"https:\/\/sheriff.venturacounty.gov\/es\/wp-json\/wp\/v2\/categories?post=13769"},{"taxonomy":"post_tag","embeddable":true,"href":"https:\/\/sheriff.venturacounty.gov\/es\/wp-json\/wp\/v2\/tags?post=13769"}],"curies":[{"name":"gracias","href":"https:\/\/api.w.org\/{rel}","templated":true}]}}