{"id":13812,"date":"2026-01-20T14:09:24","date_gmt":"2026-01-20T22:09:24","guid":{"rendered":"https:\/\/sheriff.venturacounty.gov\/?p=13812"},"modified":"2026-01-21T13:57:39","modified_gmt":"2026-01-21T21:57:39","slug":"fillmore-parolee-arrested-for-assault-with-a-deadly-weapon","status":"publish","type":"post","link":"https:\/\/sheriff.venturacounty.gov\/es\/fillmore-parolee-arrested-for-assault-with-a-deadly-weapon\/","title":{"rendered":"Fillmore \u2013 Detenido en libertad condicional por agresi\u00f3n con arma mortal"},"content":{"rendered":"<p>El 17\/01\/2026, alrededor de las 12:01 p. m., agentes de la Estaci\u00f3n Fillmore acudieron a un punto de referencia en el fondo del r\u00edo Santa Clara, donde un sujeto persegu\u00eda a otros sujetos con un cuchillo. Al llegar, los agentes localizaron a una v\u00edctima masculina adulta y a testigos que corroboraron la informaci\u00f3n, quienes identificaron a (S) Iv\u00e1n Hern\u00e1ndez como el atacante. Hern\u00e1ndez es miembro de una pandilla callejera criminal documentada y se encuentra en libertad condicional activa por un tiroteo.<\/p>\n<p>Para obtener m\u00e1s detalles, visite https:\/\/local.nixle.com\/alert\/12138403\/<\/p>","protected":false},"excerpt":{"rendered":"<p>On 01\/17\/2026, at about 12:01 PM, deputies from the Fillmore Station responded to the Santa Clara River bottom reference a subject chasing other subjects with a knife.\u00a0 Upon arrival, deputies [&hellip;]<\/p>\n","protected":false},"author":32,"featured_media":0,"comment_status":"closed","ping_status":"closed","sticky":false,"template":"","format":"standard","meta":{"footnotes":""},"categories":[49],"tags":[],"class_list":["post-13812","post","type-post","status-publish","format-standard","hentry","category-press"],"_links":{"self":[{"href":"https:\/\/sheriff.venturacounty.gov\/es\/wp-json\/wp\/v2\/posts\/13812","targetHints":{"allow":["GET"]}}],"collection":[{"href":"https:\/\/sheriff.venturacounty.gov\/es\/wp-json\/wp\/v2\/posts"}],"about":[{"href":"https:\/\/sheriff.venturacounty.gov\/es\/wp-json\/wp\/v2\/types\/post"}],"author":[{"embeddable":true,"href":"https:\/\/sheriff.venturacounty.gov\/es\/wp-json\/wp\/v2\/users\/32"}],"replies":[{"embeddable":true,"href":"https:\/\/sheriff.venturacounty.gov\/es\/wp-json\/wp\/v2\/comments?post=13812"}],"version-history":[{"count":0,"href":"https:\/\/sheriff.venturacounty.gov\/es\/wp-json\/wp\/v2\/posts\/13812\/revisions"}],"wp:attachment":[{"href":"https:\/\/sheriff.venturacounty.gov\/es\/wp-json\/wp\/v2\/media?parent=13812"}],"wp:term":[{"taxonomy":"category","embeddable":true,"href":"https:\/\/sheriff.venturacounty.gov\/es\/wp-json\/wp\/v2\/categories?post=13812"},{"taxonomy":"post_tag","embeddable":true,"href":"https:\/\/sheriff.venturacounty.gov\/es\/wp-json\/wp\/v2\/tags?post=13812"}],"curies":[{"name":"gracias","href":"https:\/\/api.w.org\/{rel}","templated":true}]}}