{"id":2859,"date":"2018-11-13T00:02:32","date_gmt":"2018-11-13T00:02:32","guid":{"rendered":"https:\/\/sheriff.venturacounty.gov\/?p=2859"},"modified":"2018-11-13T00:02:32","modified_gmt":"2018-11-13T00:02:32","slug":"mandatory-evacuations-remain-in-effect-south-of-potrero-rd-for-lake-sherwood-hidden-valley-areas","status":"publish","type":"post","link":"https:\/\/sheriff.venturacounty.gov\/es\/mandatory-evacuations-remain-in-effect-south-of-potrero-rd-for-lake-sherwood-hidden-valley-areas\/","title":{"rendered":"Las evacuaciones obligatorias contin\u00faan vigentes al sur de Potrero Rd para las \u00e1reas de Lake Sherwood y Hidden Valley"},"content":{"rendered":"<p>Las evacuaciones obligatorias contin\u00faan al sur de Potrero Rd. para las \u00e1reas de Lake Sherwood y Hidden Valley, incluida Carlisle Rd. <\/p>\n<p>Esta \u00e1rea de evacuaci\u00f3n obligatoria se encuentra dentro de los per\u00edmetros al este de Las Posas Rd., al sur de Potrero Rd., al oeste de la l\u00ednea del condado de Los \u00c1ngeles\/Ventura y a los residentes a lo largo y al norte de Pacific Coast Highway. <\/p>\n<p>Para obtener informaci\u00f3n actualizada sobre el estado de las evacuaciones obligatorias y los cierres de carreteras, visite www.emergency.com<\/p>","protected":false},"excerpt":{"rendered":"<p>Mandatory evacuations continue south of Potrero Rd. for Lake Sherwood and Hidden Valley areas, including Carlisle Rd. This mandatory evacuation area is within the perimeters east of Las Posas Rd., [&hellip;]<\/p>\n","protected":false},"author":18,"featured_media":0,"comment_status":"closed","ping_status":"closed","sticky":false,"template":"","format":"standard","meta":{"footnotes":""},"categories":[49],"tags":[],"class_list":["post-2859","post","type-post","status-publish","format-standard","hentry","category-press"],"_links":{"self":[{"href":"https:\/\/sheriff.venturacounty.gov\/es\/wp-json\/wp\/v2\/posts\/2859","targetHints":{"allow":["GET"]}}],"collection":[{"href":"https:\/\/sheriff.venturacounty.gov\/es\/wp-json\/wp\/v2\/posts"}],"about":[{"href":"https:\/\/sheriff.venturacounty.gov\/es\/wp-json\/wp\/v2\/types\/post"}],"author":[{"embeddable":true,"href":"https:\/\/sheriff.venturacounty.gov\/es\/wp-json\/wp\/v2\/users\/18"}],"replies":[{"embeddable":true,"href":"https:\/\/sheriff.venturacounty.gov\/es\/wp-json\/wp\/v2\/comments?post=2859"}],"version-history":[{"count":0,"href":"https:\/\/sheriff.venturacounty.gov\/es\/wp-json\/wp\/v2\/posts\/2859\/revisions"}],"wp:attachment":[{"href":"https:\/\/sheriff.venturacounty.gov\/es\/wp-json\/wp\/v2\/media?parent=2859"}],"wp:term":[{"taxonomy":"category","embeddable":true,"href":"https:\/\/sheriff.venturacounty.gov\/es\/wp-json\/wp\/v2\/categories?post=2859"},{"taxonomy":"post_tag","embeddable":true,"href":"https:\/\/sheriff.venturacounty.gov\/es\/wp-json\/wp\/v2\/tags?post=2859"}],"curies":[{"name":"gracias","href":"https:\/\/api.w.org\/{rel}","templated":true}]}}