{"id":7067,"date":"2021-09-24T08:50:10","date_gmt":"2021-09-24T15:50:10","guid":{"rendered":"http:\/\/sheriff.venturacounty.gov\/?p=7067"},"modified":"2021-09-24T08:50:10","modified_gmt":"2021-09-24T15:50:10","slug":"academy-class-2021-1-graduation","status":"publish","type":"post","link":"https:\/\/sheriff.venturacounty.gov\/es\/academy-class-2021-1-graduation\/","title":{"rendered":"Graduaci\u00f3n de la Academia Clase 2021-1"},"content":{"rendered":"<p>El Sheriff Bill Ayub se complace en anunciar la graduaci\u00f3n de la Clase #2021-1 de la Academia del Centro de Capacitaci\u00f3n en Justicia Penal del Condado de Ventura.\u00a0<a href=\"https:\/\/local.nixle.com\/alert\/8992666\/\">https:\/\/local.nixle.com\/alert\/8992666\/<\/a><\/p>","protected":false},"excerpt":{"rendered":"<p>El alguacil Bill Ayub se complace en anunciar la graduaci\u00f3n de la clase #2021-1 de la Academia del Centro de Capacitaci\u00f3n en Justicia Penal del Condado de Ventura. https:\/\/local.nixle.com\/alert\/8992666\/<\/p>","protected":false},"author":24,"featured_media":0,"comment_status":"closed","ping_status":"closed","sticky":false,"template":"","format":"standard","meta":{"footnotes":""},"categories":[49],"tags":[],"class_list":["post-7067","post","type-post","status-publish","format-standard","hentry","category-press"],"_links":{"self":[{"href":"https:\/\/sheriff.venturacounty.gov\/es\/wp-json\/wp\/v2\/posts\/7067","targetHints":{"allow":["GET"]}}],"collection":[{"href":"https:\/\/sheriff.venturacounty.gov\/es\/wp-json\/wp\/v2\/posts"}],"about":[{"href":"https:\/\/sheriff.venturacounty.gov\/es\/wp-json\/wp\/v2\/types\/post"}],"author":[{"embeddable":true,"href":"https:\/\/sheriff.venturacounty.gov\/es\/wp-json\/wp\/v2\/users\/24"}],"replies":[{"embeddable":true,"href":"https:\/\/sheriff.venturacounty.gov\/es\/wp-json\/wp\/v2\/comments?post=7067"}],"version-history":[{"count":0,"href":"https:\/\/sheriff.venturacounty.gov\/es\/wp-json\/wp\/v2\/posts\/7067\/revisions"}],"wp:attachment":[{"href":"https:\/\/sheriff.venturacounty.gov\/es\/wp-json\/wp\/v2\/media?parent=7067"}],"wp:term":[{"taxonomy":"category","embeddable":true,"href":"https:\/\/sheriff.venturacounty.gov\/es\/wp-json\/wp\/v2\/categories?post=7067"},{"taxonomy":"post_tag","embeddable":true,"href":"https:\/\/sheriff.venturacounty.gov\/es\/wp-json\/wp\/v2\/tags?post=7067"}],"curies":[{"name":"gracias","href":"https:\/\/api.w.org\/{rel}","templated":true}]}}