{"id":8894,"date":"2022-04-20T15:45:47","date_gmt":"2022-04-20T22:45:47","guid":{"rendered":"https:\/\/sheriff.venturacounty.gov\/?p=8894"},"modified":"2022-04-20T15:45:47","modified_gmt":"2022-04-20T22:45:47","slug":"thousand-oaks-organized-retail-theft-suspects-arrested","status":"publish","type":"post","link":"https:\/\/sheriff.venturacounty.gov\/es\/thousand-oaks-organized-retail-theft-suspects-arrested\/","title":{"rendered":"Thousand Oaks \u2013 Sospechosos de robo organizado en comercios minoristas arrestados"},"content":{"rendered":"<p>El 15 de abril de 2022, tres sospechosos fueron arrestados por conspiraci\u00f3n para cometer un robo organizado en una tienda departamental en The Oaks Mall. Se determin\u00f3 que los sospechosos eran parte de un grupo de robo sudamericano. Para obtener m\u00e1s detalles, haga clic en el siguiente enlace: https:\/\/local.nixle.com\/alert\/9376907\/<\/p>","protected":false},"excerpt":{"rendered":"<p>On April 15, 2022, three suspects were arrested for conspiracy to commit organized retail theft at a department store in The Oaks Mall.\u00a0 The suspects were determined to be part [&hellip;]<\/p>\n","protected":false},"author":7,"featured_media":0,"comment_status":"closed","ping_status":"closed","sticky":false,"template":"","format":"standard","meta":{"footnotes":""},"categories":[49],"tags":[],"class_list":["post-8894","post","type-post","status-publish","format-standard","hentry","category-press"],"_links":{"self":[{"href":"https:\/\/sheriff.venturacounty.gov\/es\/wp-json\/wp\/v2\/posts\/8894","targetHints":{"allow":["GET"]}}],"collection":[{"href":"https:\/\/sheriff.venturacounty.gov\/es\/wp-json\/wp\/v2\/posts"}],"about":[{"href":"https:\/\/sheriff.venturacounty.gov\/es\/wp-json\/wp\/v2\/types\/post"}],"author":[{"embeddable":true,"href":"https:\/\/sheriff.venturacounty.gov\/es\/wp-json\/wp\/v2\/users\/7"}],"replies":[{"embeddable":true,"href":"https:\/\/sheriff.venturacounty.gov\/es\/wp-json\/wp\/v2\/comments?post=8894"}],"version-history":[{"count":0,"href":"https:\/\/sheriff.venturacounty.gov\/es\/wp-json\/wp\/v2\/posts\/8894\/revisions"}],"wp:attachment":[{"href":"https:\/\/sheriff.venturacounty.gov\/es\/wp-json\/wp\/v2\/media?parent=8894"}],"wp:term":[{"taxonomy":"category","embeddable":true,"href":"https:\/\/sheriff.venturacounty.gov\/es\/wp-json\/wp\/v2\/categories?post=8894"},{"taxonomy":"post_tag","embeddable":true,"href":"https:\/\/sheriff.venturacounty.gov\/es\/wp-json\/wp\/v2\/tags?post=8894"}],"curies":[{"name":"gracias","href":"https:\/\/api.w.org\/{rel}","templated":true}]}}