{"id":9968,"date":"2023-03-14T15:34:29","date_gmt":"2023-03-14T22:34:29","guid":{"rendered":"https:\/\/sheriff.venturacounty.gov\/?p=9968"},"modified":"2023-03-14T15:34:29","modified_gmt":"2023-03-14T22:34:29","slug":"camarillo-be-a-saint-on-st-patricks-day-plan-ahead-and-celebrate-responsibly-with-a-designated-sober-driver","status":"publish","type":"post","link":"https:\/\/sheriff.venturacounty.gov\/es\/camarillo-be-a-saint-on-st-patricks-day-plan-ahead-and-celebrate-responsibly-with-a-designated-sober-driver\/","title":{"rendered":"Camarillo \u2013 Sea un santo el d\u00eda de San Patricio. Planifique con anticipaci\u00f3n y celebre de manera responsable con un conductor sobrio designado"},"content":{"rendered":"<p>Este D\u00eda de San Patricio, no tientes a la suerte y te pongas al volante despu\u00e9s de haber consumido alcohol. El Departamento de Polic\u00eda de Camarillo estar\u00e1 en alerta ante posibles conductores bajo los efectos del alcohol y recuerda a la comunidad que celebre de manera responsable y no conduzca bajo los efectos del alcohol. Haz clic en el siguiente enlace para obtener m\u00e1s detalles: https:\/\/local.nixle.com\/alert\/9977051<\/p>","protected":false},"excerpt":{"rendered":"<p>This St. Patrick\u2019s Day don\u2019t push your luck by getting behind the wheel after consuming alcohol. The Camarillo Police Department will be on alert for suspected impaired drivers and reminds [&hellip;]<\/p>\n","protected":false},"author":7,"featured_media":0,"comment_status":"closed","ping_status":"closed","sticky":false,"template":"","format":"standard","meta":{"footnotes":""},"categories":[49],"tags":[],"class_list":["post-9968","post","type-post","status-publish","format-standard","hentry","category-press"],"_links":{"self":[{"href":"https:\/\/sheriff.venturacounty.gov\/es\/wp-json\/wp\/v2\/posts\/9968","targetHints":{"allow":["GET"]}}],"collection":[{"href":"https:\/\/sheriff.venturacounty.gov\/es\/wp-json\/wp\/v2\/posts"}],"about":[{"href":"https:\/\/sheriff.venturacounty.gov\/es\/wp-json\/wp\/v2\/types\/post"}],"author":[{"embeddable":true,"href":"https:\/\/sheriff.venturacounty.gov\/es\/wp-json\/wp\/v2\/users\/7"}],"replies":[{"embeddable":true,"href":"https:\/\/sheriff.venturacounty.gov\/es\/wp-json\/wp\/v2\/comments?post=9968"}],"version-history":[{"count":0,"href":"https:\/\/sheriff.venturacounty.gov\/es\/wp-json\/wp\/v2\/posts\/9968\/revisions"}],"wp:attachment":[{"href":"https:\/\/sheriff.venturacounty.gov\/es\/wp-json\/wp\/v2\/media?parent=9968"}],"wp:term":[{"taxonomy":"category","embeddable":true,"href":"https:\/\/sheriff.venturacounty.gov\/es\/wp-json\/wp\/v2\/categories?post=9968"},{"taxonomy":"post_tag","embeddable":true,"href":"https:\/\/sheriff.venturacounty.gov\/es\/wp-json\/wp\/v2\/tags?post=9968"}],"curies":[{"name":"gracias","href":"https:\/\/api.w.org\/{rel}","templated":true}]}}